{"id":1097,"date":"2024-04-08T14:41:15","date_gmt":"2024-04-08T14:41:15","guid":{"rendered":"https:\/\/bpvaccountants.nl\/?p=1097"},"modified":"2024-04-08T14:41:15","modified_gmt":"2024-04-08T14:41:15","slug":"edwin-bij-bpv-werken-wij-samen-aan-de-agenda-voor-de-toekomst-telt-iedere-mening-en-hebben-we-oog-voor-zowel-interne-als-externe-belangen","status":"publish","type":"post","link":"https:\/\/bpvaccountants.nl\/de\/2024\/04\/08\/edwin-bij-bpv-werken-wij-samen-aan-de-agenda-voor-de-toekomst-telt-iedere-mening-en-hebben-we-oog-voor-zowel-interne-als-externe-belangen\/","title":{"rendered":"Edwin: \u201cBij BPV werken wij samen aan de agenda voor de toekomst, telt iedere mening \u00e9n hebben we oog voor zowel interne als externe belangen.\u201d"},"content":{"rendered":"<p><strong>In de wereld van accountancy, waar men in een continu veranderende omgeving hard werkt aan vertrouwen en kwaliteit, is het vinden van een organisatie die bij je past belangrijk. Edwin Oostdijck, senior accountant audit, heeft recent de overstap gemaakt naar BPV en deelt met trots zijn ervaringen.<\/strong><\/p>\n<p>Na een mooie carri\u00e8re van ruim 20 jaar binnen de accountancy, waarbij Edwin de kans heeft gehad om zich bij \u00e9\u00e9n van de BIG-4 kantoren door te ontwikkelen van assistent accountant tot eindverantwoordelijk partner, besloot Edwin een halfjaar geleden dat het tijd was om het roer om te gooien. Hij solliciteerde bij BPV. Gedreven door zijn passie voor het vak, zocht hij naar een werkomgeving die zijn idee\u00ebn en groei verder stimuleert. Het waren vooral de informele gesprekken en het snelle en accurate handelen die hem direct een gevoel van thuiskomen en waardering gaven bij BPV.<\/p>\n<h2 id=\"3krgs\">Een warme ontvangst<\/h2>\n<p>Edwins reis bij BPV begon niet met cijfers, maar met een barbecue. \u201cVoordat ik officieel begon, werd ik al uitgenodigd voor de borrels\u201d, vertelt hij. \u201cDeze warme ontvangst is een belangrijke weerspiegeling van de waarden van BPV. Het is een organisatie die investeert in haar mensen. Er heerst daardoor een cultuur van openheid en samenwerking waarin ik mij direct thuis voelde.<\/p>\n<h2 id=\"3ftgv\">De kracht van samen<\/h2>\n<p>\u201cWij zien gewoon meer\u201d is niet zomaar een slogan voor BPV; het is een ethos dat door de hele organisatie weerklinkt. Edwin legt uit: \u201cHet gaat niet alleen om wat we doen, maar ook om hoe we het doen. Samen problemen oplossen, met respect en waardering voor elkaar en samen groeien. Iedereen wordt aangemoedigd om zijn idee\u00ebn te delen en zo bij te dragen aan het succes van het team, de organisatie en onze cli\u00ebnten. Zo zien we ook \u00e9cht meer.\u201d<\/p>\n<h2 id=\"ffq4c\">Ontwikkeling voorop<\/h2>\n<p>Edwin waardeert de mogelijkheden voor persoonlijke ontwikkeling bij BPV. \u201cJe hebt de vrijheid om je eigen leerpad uit te stippelen\u201d, zegt hij. \u201cEen leerpad dat niet alleen bestaat uit het volgen van trainingen en opleidingen en het deelnemen aan netwerkbijeenkomsten, maar een leerpad dat ook gevoed wordt door het brede palet aan diensten zoals aangeboden door BPV \u00e9n onze mooie cli\u00ebnten. Er is een breed scala aan taken en projecten die zorgen voor afwisseling en uitdaging. Dit stimuleert medewerkers om hun vaardigheden voortdurend te verbeteren en nieuwe terreinen te verkennen, wat resulteert in een dynamisch en innovatief team.\u201d<\/p>\n<p>\u201cDaarnaast is de communicatie binnen het team ijzersterk. Omdat we veel samenzitten, zie je ook veel meer van elkaars werk. Dat biedt senior medewerkers de mogelijkheid om snel bij te sturen, uitleg te geven en te coachen indien nodig. Daar zit de kracht van een organisatie als BPV: wij trainen onze mensen on-the-job.\u201d<\/p>\n<h2 id=\"edcg4\">Feedback als groeimotor<\/h2>\n<p>Feedback is bij BPV geen jaarlijks agendapunt, maar een dagelijkse praktijk. \u201cFeedback is hier een continu proces,\u201d benadrukt Edwin. \u201cHet helpt ons om te groeien, zowel professioneel als persoonlijk. Door zowel binnen het eigen team als op kantoorniveau regelmatig feedbacksessies te organiseren en op open wijze te communiceren wordt iedereen aangemoedigd om zijn of haar sterke punten volledig te benutten en aan de onderkende verbeterpunten te werken. Feedback is een integraal onderdeel van de werkcultuur bij BPV. Een onderdeel van de motor die ervoor zorgt dat wij samen groeien!\u201d<\/p>\n<h2 id=\"10cld\">Balans tussen werk en priv\u00e9<\/h2>\n<p>Een juiste balans tussen werk en priv\u00e9 is een cruciaal aspect voor BPV, waarbij de focus zeker niet alleen ligt op het werk zelf, maar ook op het welzijn van de medewerkers. \u201cZo nemen we nu deel aan een Lifeloop Traject,\u201d vertelt Edwin. \u201cHet traject draait om <em>personal wellbeing<\/em>, het ontwikkelen en verbeteren van het individu in combinatie met leiderschapsstijlen, het functioneren van het team en het cre\u00ebren van meer balans in de leefstijl van onze collega\u2019s. Flexibele werktijden worden door ons aangemoedigd en wij gaan er vanuit dat wij het werk zodanig met elkaar organiseren en uitvoeren dat overwerken niet de norm is. Die houding maakt ons productiever en meer tevreden.\u201d<\/p>\n<h3 id=\"4rjup\">Kom gewoon langs!<\/h3>\n<p>Edwins enthousiasme is aanstekelijk en hij hoopt dat zijn verhaal anderen inspireert om ook de stap naar BPV te zetten. \u201cKom gewoon langs!\u201d lacht hij. \u201cAls je twijfelt: neem vandaag nog de stap en laat ons je overtuigen van hoe mooi onze club is. Ik weet zeker dat velen bij ons op hun plek zullen zitten en hun dromen en ambities waar kunnen maken\u201d, concludeert Edwin.<\/p>\n<p>BPV groeit. Jij kunt deel uitmaken van die groei. Ontdek jouw toekomst in de wereld van accountancy en\u00a0fiscale dienstverlening bij ons en bekijk onze <a href=\"https:\/\/bpvaccountants.nl\/vacatures\/\">vacatures<\/a>. Onze deuren staan open voor ambitieuze individuen zoals jij!<\/p>\n<p><!-- strchf script --><script>if(window.strchfSettings === undefined) window.strchfSettings = {};window.strchfSettings.stats = {url: \"https:\/\/bpv-accountants.storychief.io\/edwin-bij-bpv-werken-wij-samen-aan-de-agenda-voor-de-toekomst-telt-iedere-mening-en-hebben-we-oog-voor-zowel-interne-als-externe-belangen?id=456870737&type=2\",title: \"Edwin: \u201cBij BPV werken wij samen aan de agenda voor de toekomst, telt iedere mening \u00e9n hebben we oog voor zowel interne als externe belangen.\u201d\",siteId: \"5656\",id: \"0927f162-fd5c-434b-8fbc-ac9f9fbceeac\"};(function(d, s, id) {var js, sjs = d.getElementsByTagName(s)[0];if (d.getElementById(id)) {window.strchf.update(); return;}js = d.createElement(s); js.id = id;js.src = \"https:\/\/d37oebn0w9ir6a.cloudfront.net\/scripts\/v0\/strchf.js\";js.async = true;sjs.parentNode.insertBefore(js, sjs);}(document, 'script', 'storychief-jssdk'))<\/script><!-- End strchf script --><\/p>\n","protected":false},"excerpt":{"rendered":"<p>In de wereld van accountancy, waar men in een continu veranderende omgeving hard werkt aan vertrouwen en kwaliteit, is het vinden van een organisatie die bij je past belangrijk. Edwin Oostdijck, senior accountant audit, heeft recent de overstap gemaakt naar BPV en deelt met trots zijn ervaringen. Na een mooie carri\u00e8re van ruim 20 jaar&#8230;<\/p>\n","protected":false},"author":4,"featured_media":1098,"comment_status":"open","ping_status":"open","sticky":false,"template":"","format":"standard","meta":{"_acf_changed":false,"footnotes":""},"categories":[11],"tags":[],"class_list":["post-1097","post","type-post","status-publish","format-standard","has-post-thumbnail","hentry","category-column"],"acf":[],"yoast_head":"<!-- This site is optimized with the Yoast SEO plugin v27.1.1 - https:\/\/yoast.com\/product\/yoast-seo-wordpress\/ -->\n<title>Edwin: \u201cBij BPV werken wij samen aan de agenda voor de toekomst, telt iedere mening \u00e9n hebben we oog voor zowel interne als externe belangen.\u201d<\/title>\n<meta name=\"robots\" content=\"index, follow, max-snippet:-1, max-image-preview:large, max-video-preview:-1\" \/>\n<link rel=\"canonical\" href=\"https:\/\/bpv-accountants.storychief.io\/edwin-bij-bpv-werken-wij-samen-aan-de-agenda-voor-de-toekomst-telt-iedere-mening-en-hebben-we-oog-voor-zowel-interne-als-externe-belangen\/\" \/>\n<meta property=\"og:locale\" content=\"de_DE\" \/>\n<meta property=\"og:type\" content=\"article\" \/>\n<meta property=\"og:title\" content=\"Edwin: \u201cBij BPV werken wij samen aan de agenda voor de toekomst, telt iedere mening \u00e9n hebben we oog voor zowel interne als externe belangen.\u201d\" \/>\n<meta property=\"og:description\" content=\"In de wereld van accountancy, waar men in een continu veranderende omgeving hard werkt aan vertrouwen en kwaliteit, is het vinden van een organisatie die bij je past belangrijk. Edwin Oostdijck, senior accountant audit, heeft recent de overstap gemaakt naar BPV en deelt met trots zijn ervaringen. Na een mooie carri\u00e8re van ruim 20 jaar...\" \/>\n<meta property=\"og:url\" content=\"https:\/\/bpv-accountants.storychief.io\/edwin-bij-bpv-werken-wij-samen-aan-de-agenda-voor-de-toekomst-telt-iedere-mening-en-hebben-we-oog-voor-zowel-interne-als-externe-belangen\" \/>\n<meta property=\"og:site_name\" content=\"BPV\" \/>\n<meta property=\"article:published_time\" content=\"2024-04-08T14:41:15+00:00\" \/>\n<meta property=\"og:image\" content=\"https:\/\/bpvaccountants.nl\/wp-content\/uploads\/2024\/04\/edwin_55c7218f0cfd837d8e522eda296af511_2000.jpeg\" \/>\n\t<meta property=\"og:image:width\" content=\"684\" \/>\n\t<meta property=\"og:image:height\" content=\"1024\" \/>\n\t<meta property=\"og:image:type\" content=\"image\/jpeg\" \/>\n<meta name=\"author\" content=\"claudia.vossen@bpvnl.com\" \/>\n<meta name=\"twitter:card\" content=\"summary_large_image\" \/>\n<meta name=\"twitter:label1\" content=\"Verfasst von\" \/>\n\t<meta name=\"twitter:data1\" content=\"claudia.vossen@bpvnl.com\" \/>\n\t<meta name=\"twitter:label2\" content=\"Gesch\u00e4tzte Lesezeit\" \/>\n\t<meta name=\"twitter:data2\" content=\"4\u00a0Minuten\" \/>\n<script type=\"application\/ld+json\" class=\"yoast-schema-graph\">{\"@context\":\"https:\/\/schema.org\",\"@graph\":[{\"@type\":\"Article\",\"@id\":\"https:\/\/bpv-accountants.storychief.io\/edwin-bij-bpv-werken-wij-samen-aan-de-agenda-voor-de-toekomst-telt-iedere-mening-en-hebben-we-oog-voor-zowel-interne-als-externe-belangen#article\",\"isPartOf\":{\"@id\":\"https:\/\/bpvaccountants.nl\/de\/2024\/04\/08\/edwin-bij-bpv-werken-wij-samen-aan-de-agenda-voor-de-toekomst-telt-iedere-mening-en-hebben-we-oog-voor-zowel-interne-als-externe-belangen\/\"},\"author\":{\"name\":\"claudia.vossen@bpvnl.com\",\"@id\":\"https:\/\/bpvaccountants.nl\/de\/#\/schema\/person\/3c39e3978ee5d6dcdb1e6f55d210da09\"},\"headline\":\"Edwin: \u201cBij BPV werken wij samen aan de agenda voor de toekomst, telt iedere mening \u00e9n hebben we oog voor zowel interne als externe belangen.\u201d\",\"datePublished\":\"2024-04-08T14:41:15+00:00\",\"mainEntityOfPage\":{\"@id\":\"https:\/\/bpvaccountants.nl\/de\/2024\/04\/08\/edwin-bij-bpv-werken-wij-samen-aan-de-agenda-voor-de-toekomst-telt-iedere-mening-en-hebben-we-oog-voor-zowel-interne-als-externe-belangen\/\"},\"wordCount\":789,\"commentCount\":0,\"image\":{\"@id\":\"https:\/\/bpv-accountants.storychief.io\/edwin-bij-bpv-werken-wij-samen-aan-de-agenda-voor-de-toekomst-telt-iedere-mening-en-hebben-we-oog-voor-zowel-interne-als-externe-belangen#primaryimage\"},\"thumbnailUrl\":\"https:\/\/bpvaccountants.nl\/wp-content\/uploads\/2024\/04\/edwin_55c7218f0cfd837d8e522eda296af511_2000.jpeg\",\"articleSection\":[\"Column\"],\"inLanguage\":\"de\",\"potentialAction\":[{\"@type\":\"CommentAction\",\"name\":\"Comment\",\"target\":[\"https:\/\/bpv-accountants.storychief.io\/edwin-bij-bpv-werken-wij-samen-aan-de-agenda-voor-de-toekomst-telt-iedere-mening-en-hebben-we-oog-voor-zowel-interne-als-externe-belangen#respond\"]}]},{\"@type\":\"WebPage\",\"@id\":\"https:\/\/bpvaccountants.nl\/de\/2024\/04\/08\/edwin-bij-bpv-werken-wij-samen-aan-de-agenda-voor-de-toekomst-telt-iedere-mening-en-hebben-we-oog-voor-zowel-interne-als-externe-belangen\/\",\"url\":\"https:\/\/bpv-accountants.storychief.io\/edwin-bij-bpv-werken-wij-samen-aan-de-agenda-voor-de-toekomst-telt-iedere-mening-en-hebben-we-oog-voor-zowel-interne-als-externe-belangen\",\"name\":\"Edwin: \u201cBij BPV werken wij samen aan de agenda voor de toekomst, telt iedere mening \u00e9n hebben we oog voor zowel interne als externe belangen.\u201d\",\"isPartOf\":{\"@id\":\"https:\/\/bpvaccountants.nl\/de\/#website\"},\"primaryImageOfPage\":{\"@id\":\"https:\/\/bpv-accountants.storychief.io\/edwin-bij-bpv-werken-wij-samen-aan-de-agenda-voor-de-toekomst-telt-iedere-mening-en-hebben-we-oog-voor-zowel-interne-als-externe-belangen#primaryimage\"},\"image\":{\"@id\":\"https:\/\/bpv-accountants.storychief.io\/edwin-bij-bpv-werken-wij-samen-aan-de-agenda-voor-de-toekomst-telt-iedere-mening-en-hebben-we-oog-voor-zowel-interne-als-externe-belangen#primaryimage\"},\"thumbnailUrl\":\"https:\/\/bpvaccountants.nl\/wp-content\/uploads\/2024\/04\/edwin_55c7218f0cfd837d8e522eda296af511_2000.jpeg\",\"datePublished\":\"2024-04-08T14:41:15+00:00\",\"author\":{\"@id\":\"https:\/\/bpvaccountants.nl\/de\/#\/schema\/person\/3c39e3978ee5d6dcdb1e6f55d210da09\"},\"breadcrumb\":{\"@id\":\"https:\/\/bpv-accountants.storychief.io\/edwin-bij-bpv-werken-wij-samen-aan-de-agenda-voor-de-toekomst-telt-iedere-mening-en-hebben-we-oog-voor-zowel-interne-als-externe-belangen#breadcrumb\"},\"inLanguage\":\"de\",\"potentialAction\":[{\"@type\":\"ReadAction\",\"target\":[\"https:\/\/bpv-accountants.storychief.io\/edwin-bij-bpv-werken-wij-samen-aan-de-agenda-voor-de-toekomst-telt-iedere-mening-en-hebben-we-oog-voor-zowel-interne-als-externe-belangen\"]}]},{\"@type\":\"ImageObject\",\"inLanguage\":\"de\",\"@id\":\"https:\/\/bpv-accountants.storychief.io\/edwin-bij-bpv-werken-wij-samen-aan-de-agenda-voor-de-toekomst-telt-iedere-mening-en-hebben-we-oog-voor-zowel-interne-als-externe-belangen#primaryimage\",\"url\":\"https:\/\/bpvaccountants.nl\/wp-content\/uploads\/2024\/04\/edwin_55c7218f0cfd837d8e522eda296af511_2000.jpeg\",\"contentUrl\":\"https:\/\/bpvaccountants.nl\/wp-content\/uploads\/2024\/04\/edwin_55c7218f0cfd837d8e522eda296af511_2000.jpeg\",\"width\":684,\"height\":1024,\"caption\":\"Edwin: \u201cBij BPV werken wij samen aan de agenda voor de toekomst, telt iedere mening \u00e9n hebben we oog voor zowel interne als externe belangen.\u201d cover\"},{\"@type\":\"BreadcrumbList\",\"@id\":\"https:\/\/bpv-accountants.storychief.io\/edwin-bij-bpv-werken-wij-samen-aan-de-agenda-voor-de-toekomst-telt-iedere-mening-en-hebben-we-oog-voor-zowel-interne-als-externe-belangen#breadcrumb\",\"itemListElement\":[{\"@type\":\"ListItem\",\"position\":1,\"name\":\"Home\",\"item\":\"https:\/\/bpvaccountants.nl\/de\/\"},{\"@type\":\"ListItem\",\"position\":2,\"name\":\"Edwin: \u201cBij BPV werken wij samen aan de agenda voor de toekomst, telt iedere mening \u00e9n hebben we oog voor zowel interne als externe belangen.\u201d\"}]},{\"@type\":\"WebSite\",\"@id\":\"https:\/\/bpvaccountants.nl\/de\/#website\",\"url\":\"https:\/\/bpvaccountants.nl\/de\/\",\"name\":\"BPV\",\"description\":\"Wij zien gewoon meer\",\"potentialAction\":[{\"@type\":\"SearchAction\",\"target\":{\"@type\":\"EntryPoint\",\"urlTemplate\":\"https:\/\/bpvaccountants.nl\/de\/?s={search_term_string}\"},\"query-input\":{\"@type\":\"PropertyValueSpecification\",\"valueRequired\":true,\"valueName\":\"search_term_string\"}}],\"inLanguage\":\"de\"},{\"@type\":\"Person\",\"@id\":\"https:\/\/bpvaccountants.nl\/de\/#\/schema\/person\/3c39e3978ee5d6dcdb1e6f55d210da09\",\"name\":\"claudia.vossen@bpvnl.com\",\"image\":{\"@type\":\"ImageObject\",\"inLanguage\":\"de\",\"@id\":\"https:\/\/bpvaccountants.nl\/de\/#\/schema\/person\/image\/\",\"url\":\"https:\/\/secure.gravatar.com\/avatar\/93e22e85ab7570f58b907ae049b2062e7241271bdb4fa095b9aa0d371171ec9a?s=96&d=mm&r=g\",\"contentUrl\":\"https:\/\/secure.gravatar.com\/avatar\/93e22e85ab7570f58b907ae049b2062e7241271bdb4fa095b9aa0d371171ec9a?s=96&d=mm&r=g\",\"caption\":\"claudia.vossen@bpvnl.com\"},\"url\":\"https:\/\/bpvaccountants.nl\/de\/author\/claudia-vossenbpvnl-com\/\"}]}<\/script>\n<!-- \/ Yoast SEO plugin. -->","yoast_head_json":{"title":"Edwin: \u201cBij BPV werken wij samen aan de agenda voor de toekomst, telt iedere mening \u00e9n hebben we oog voor zowel interne als externe belangen.\u201d","robots":{"index":"index","follow":"follow","max-snippet":"max-snippet:-1","max-image-preview":"max-image-preview:large","max-video-preview":"max-video-preview:-1"},"canonical":"https:\/\/bpv-accountants.storychief.io\/edwin-bij-bpv-werken-wij-samen-aan-de-agenda-voor-de-toekomst-telt-iedere-mening-en-hebben-we-oog-voor-zowel-interne-als-externe-belangen\/","og_locale":"de_DE","og_type":"article","og_title":"Edwin: \u201cBij BPV werken wij samen aan de agenda voor de toekomst, telt iedere mening \u00e9n hebben we oog voor zowel interne als externe belangen.\u201d","og_description":"In de wereld van accountancy, waar men in een continu veranderende omgeving hard werkt aan vertrouwen en kwaliteit, is het vinden van een organisatie die bij je past belangrijk. Edwin Oostdijck, senior accountant audit, heeft recent de overstap gemaakt naar BPV en deelt met trots zijn ervaringen. Na een mooie carri\u00e8re van ruim 20 jaar...","og_url":"https:\/\/bpv-accountants.storychief.io\/edwin-bij-bpv-werken-wij-samen-aan-de-agenda-voor-de-toekomst-telt-iedere-mening-en-hebben-we-oog-voor-zowel-interne-als-externe-belangen","og_site_name":"BPV","article_published_time":"2024-04-08T14:41:15+00:00","og_image":[{"width":684,"height":1024,"url":"https:\/\/bpvaccountants.nl\/wp-content\/uploads\/2024\/04\/edwin_55c7218f0cfd837d8e522eda296af511_2000.jpeg","type":"image\/jpeg"}],"author":"claudia.vossen@bpvnl.com","twitter_card":"summary_large_image","twitter_misc":{"Verfasst von":"claudia.vossen@bpvnl.com","Gesch\u00e4tzte Lesezeit":"4\u00a0Minuten"},"schema":{"@context":"https:\/\/schema.org","@graph":[{"@type":"Article","@id":"https:\/\/bpv-accountants.storychief.io\/edwin-bij-bpv-werken-wij-samen-aan-de-agenda-voor-de-toekomst-telt-iedere-mening-en-hebben-we-oog-voor-zowel-interne-als-externe-belangen#article","isPartOf":{"@id":"https:\/\/bpvaccountants.nl\/de\/2024\/04\/08\/edwin-bij-bpv-werken-wij-samen-aan-de-agenda-voor-de-toekomst-telt-iedere-mening-en-hebben-we-oog-voor-zowel-interne-als-externe-belangen\/"},"author":{"name":"claudia.vossen@bpvnl.com","@id":"https:\/\/bpvaccountants.nl\/de\/#\/schema\/person\/3c39e3978ee5d6dcdb1e6f55d210da09"},"headline":"Edwin: \u201cBij BPV werken wij samen aan de agenda voor de toekomst, telt iedere mening \u00e9n hebben we oog voor zowel interne als externe belangen.\u201d","datePublished":"2024-04-08T14:41:15+00:00","mainEntityOfPage":{"@id":"https:\/\/bpvaccountants.nl\/de\/2024\/04\/08\/edwin-bij-bpv-werken-wij-samen-aan-de-agenda-voor-de-toekomst-telt-iedere-mening-en-hebben-we-oog-voor-zowel-interne-als-externe-belangen\/"},"wordCount":789,"commentCount":0,"image":{"@id":"https:\/\/bpv-accountants.storychief.io\/edwin-bij-bpv-werken-wij-samen-aan-de-agenda-voor-de-toekomst-telt-iedere-mening-en-hebben-we-oog-voor-zowel-interne-als-externe-belangen#primaryimage"},"thumbnailUrl":"https:\/\/bpvaccountants.nl\/wp-content\/uploads\/2024\/04\/edwin_55c7218f0cfd837d8e522eda296af511_2000.jpeg","articleSection":["Column"],"inLanguage":"de","potentialAction":[{"@type":"CommentAction","name":"Comment","target":["https:\/\/bpv-accountants.storychief.io\/edwin-bij-bpv-werken-wij-samen-aan-de-agenda-voor-de-toekomst-telt-iedere-mening-en-hebben-we-oog-voor-zowel-interne-als-externe-belangen#respond"]}]},{"@type":"WebPage","@id":"https:\/\/bpvaccountants.nl\/de\/2024\/04\/08\/edwin-bij-bpv-werken-wij-samen-aan-de-agenda-voor-de-toekomst-telt-iedere-mening-en-hebben-we-oog-voor-zowel-interne-als-externe-belangen\/","url":"https:\/\/bpv-accountants.storychief.io\/edwin-bij-bpv-werken-wij-samen-aan-de-agenda-voor-de-toekomst-telt-iedere-mening-en-hebben-we-oog-voor-zowel-interne-als-externe-belangen","name":"Edwin: \u201cBij BPV werken wij samen aan de agenda voor de toekomst, telt iedere mening \u00e9n hebben we oog voor zowel interne als externe belangen.\u201d","isPartOf":{"@id":"https:\/\/bpvaccountants.nl\/de\/#website"},"primaryImageOfPage":{"@id":"https:\/\/bpv-accountants.storychief.io\/edwin-bij-bpv-werken-wij-samen-aan-de-agenda-voor-de-toekomst-telt-iedere-mening-en-hebben-we-oog-voor-zowel-interne-als-externe-belangen#primaryimage"},"image":{"@id":"https:\/\/bpv-accountants.storychief.io\/edwin-bij-bpv-werken-wij-samen-aan-de-agenda-voor-de-toekomst-telt-iedere-mening-en-hebben-we-oog-voor-zowel-interne-als-externe-belangen#primaryimage"},"thumbnailUrl":"https:\/\/bpvaccountants.nl\/wp-content\/uploads\/2024\/04\/edwin_55c7218f0cfd837d8e522eda296af511_2000.jpeg","datePublished":"2024-04-08T14:41:15+00:00","author":{"@id":"https:\/\/bpvaccountants.nl\/de\/#\/schema\/person\/3c39e3978ee5d6dcdb1e6f55d210da09"},"breadcrumb":{"@id":"https:\/\/bpv-accountants.storychief.io\/edwin-bij-bpv-werken-wij-samen-aan-de-agenda-voor-de-toekomst-telt-iedere-mening-en-hebben-we-oog-voor-zowel-interne-als-externe-belangen#breadcrumb"},"inLanguage":"de","potentialAction":[{"@type":"ReadAction","target":["https:\/\/bpv-accountants.storychief.io\/edwin-bij-bpv-werken-wij-samen-aan-de-agenda-voor-de-toekomst-telt-iedere-mening-en-hebben-we-oog-voor-zowel-interne-als-externe-belangen"]}]},{"@type":"ImageObject","inLanguage":"de","@id":"https:\/\/bpv-accountants.storychief.io\/edwin-bij-bpv-werken-wij-samen-aan-de-agenda-voor-de-toekomst-telt-iedere-mening-en-hebben-we-oog-voor-zowel-interne-als-externe-belangen#primaryimage","url":"https:\/\/bpvaccountants.nl\/wp-content\/uploads\/2024\/04\/edwin_55c7218f0cfd837d8e522eda296af511_2000.jpeg","contentUrl":"https:\/\/bpvaccountants.nl\/wp-content\/uploads\/2024\/04\/edwin_55c7218f0cfd837d8e522eda296af511_2000.jpeg","width":684,"height":1024,"caption":"Edwin: \u201cBij BPV werken wij samen aan de agenda voor de toekomst, telt iedere mening \u00e9n hebben we oog voor zowel interne als externe belangen.\u201d cover"},{"@type":"BreadcrumbList","@id":"https:\/\/bpv-accountants.storychief.io\/edwin-bij-bpv-werken-wij-samen-aan-de-agenda-voor-de-toekomst-telt-iedere-mening-en-hebben-we-oog-voor-zowel-interne-als-externe-belangen#breadcrumb","itemListElement":[{"@type":"ListItem","position":1,"name":"Home","item":"https:\/\/bpvaccountants.nl\/de\/"},{"@type":"ListItem","position":2,"name":"Edwin: \u201cBij BPV werken wij samen aan de agenda voor de toekomst, telt iedere mening \u00e9n hebben we oog voor zowel interne als externe belangen.\u201d"}]},{"@type":"WebSite","@id":"https:\/\/bpvaccountants.nl\/de\/#website","url":"https:\/\/bpvaccountants.nl\/de\/","name":"BPV","description":"Wij zien gewoon meer","potentialAction":[{"@type":"SearchAction","target":{"@type":"EntryPoint","urlTemplate":"https:\/\/bpvaccountants.nl\/de\/?s={search_term_string}"},"query-input":{"@type":"PropertyValueSpecification","valueRequired":true,"valueName":"search_term_string"}}],"inLanguage":"de"},{"@type":"Person","@id":"https:\/\/bpvaccountants.nl\/de\/#\/schema\/person\/3c39e3978ee5d6dcdb1e6f55d210da09","name":"claudia.vossen@bpvnl.com","image":{"@type":"ImageObject","inLanguage":"de","@id":"https:\/\/bpvaccountants.nl\/de\/#\/schema\/person\/image\/","url":"https:\/\/secure.gravatar.com\/avatar\/93e22e85ab7570f58b907ae049b2062e7241271bdb4fa095b9aa0d371171ec9a?s=96&d=mm&r=g","contentUrl":"https:\/\/secure.gravatar.com\/avatar\/93e22e85ab7570f58b907ae049b2062e7241271bdb4fa095b9aa0d371171ec9a?s=96&d=mm&r=g","caption":"claudia.vossen@bpvnl.com"},"url":"https:\/\/bpvaccountants.nl\/de\/author\/claudia-vossenbpvnl-com\/"}]}},"_links":{"self":[{"href":"https:\/\/bpvaccountants.nl\/de\/wp-json\/wp\/v2\/posts\/1097","targetHints":{"allow":["GET"]}}],"collection":[{"href":"https:\/\/bpvaccountants.nl\/de\/wp-json\/wp\/v2\/posts"}],"about":[{"href":"https:\/\/bpvaccountants.nl\/de\/wp-json\/wp\/v2\/types\/post"}],"author":[{"embeddable":true,"href":"https:\/\/bpvaccountants.nl\/de\/wp-json\/wp\/v2\/users\/4"}],"replies":[{"embeddable":true,"href":"https:\/\/bpvaccountants.nl\/de\/wp-json\/wp\/v2\/comments?post=1097"}],"version-history":[{"count":2,"href":"https:\/\/bpvaccountants.nl\/de\/wp-json\/wp\/v2\/posts\/1097\/revisions"}],"predecessor-version":[{"id":1103,"href":"https:\/\/bpvaccountants.nl\/de\/wp-json\/wp\/v2\/posts\/1097\/revisions\/1103"}],"wp:featuredmedia":[{"embeddable":true,"href":"https:\/\/bpvaccountants.nl\/de\/wp-json\/wp\/v2\/media\/1098"}],"wp:attachment":[{"href":"https:\/\/bpvaccountants.nl\/de\/wp-json\/wp\/v2\/media?parent=1097"}],"wp:term":[{"taxonomy":"category","embeddable":true,"href":"https:\/\/bpvaccountants.nl\/de\/wp-json\/wp\/v2\/categories?post=1097"},{"taxonomy":"post_tag","embeddable":true,"href":"https:\/\/bpvaccountants.nl\/de\/wp-json\/wp\/v2\/tags?post=1097"}],"curies":[{"name":"wp","href":"https:\/\/api.w.org\/{rel}","templated":true}]}}